{"id":2770,"date":"2025-12-14T23:20:50","date_gmt":"2025-12-14T23:20:50","guid":{"rendered":"https:\/\/hairbrazil.co\/?p=2770"},"modified":"2025-12-15T00:01:56","modified_gmt":"2025-12-15T00:01:56","slug":"cronograma-capilar-hair-schedule","status":"publish","type":"post","link":"https:\/\/hairbrazil.co\/pt\/cronograma-capilar-hair-schedule\/","title":{"rendered":"Cronograma Capilar"},"content":{"rendered":"<p><strong>Cronograma de cuidados com os cabelos<\/strong> <\/p>\n\n\n\n<p>O cronograma de cuidados com os cabelos para um tratamento com Cronograma Capilar \u00e9 um dos t\u00f3picos mais comentados no setor de beleza. Quando se trata de restaurar, manter e melhorar a sa\u00fade dos cabelos, a Hair Brazil Cosmetics \u00e9 a op\u00e7\u00e3o perfeita. E n\u00f3s estamos aqui para ajudar a explicar um assunto que ainda \u00e9 cercado de confus\u00e3o e desinforma\u00e7\u00e3o. Muitas pessoas n\u00e3o t\u00eam certeza de como o produto funciona, para quem ele \u00e9 indicado ou como aplic\u00e1-lo corretamente \u00e0s necessidades de seus cabelos.<\/p>\n\n\n\n<p>Em termos simples, um cronograma de cuidados com os cabelos \u00e9 uma rotina estruturada projetada para tratar os cabelos de forma equilibrada e estrat\u00e9gica. Ele se concentra em repor o que o cabelo perde naturalmente com o tempo devido \u00e0 exposi\u00e7\u00e3o ao meio ambiente, \u00e0 modelagem t\u00e9rmica, aos tratamentos qu\u00edmicos e ao uso di\u00e1rio. Em vez de depender de produtos ou tratamentos aleat\u00f3rios, o cronograma segue etapas espec\u00edficas que trabalham juntas para restaurar a for\u00e7a, a umidade e a vitalidade do cabelo.<\/p>\n\n\n\n<p>Entender como funciona um cronograma de cuidados com os cabelos - e como adapt\u00e1-lo ao seu tipo e condi\u00e7\u00e3o de cabelo - pode fazer uma diferen\u00e7a significativa na obten\u00e7\u00e3o de cabelos mais saud\u00e1veis, fortes e male\u00e1veis. Este guia tem o objetivo de esclarecer o conceito, explicar sua finalidade e fornecer as informa\u00e7\u00f5es essenciais necess\u00e1rias para aplic\u00e1-lo com efic\u00e1cia.<\/p>\n\n\n\n<p><strong>Para quem \u00e9 recomendado o cronograma de cuidados com os cabelos?<\/strong><\/p>\n\n\n\n<p><br>\u00c9 recomendado para todos os tipos de cabelo, independentemente do padr\u00e3o ou da textura dos cachos, pois todos os tipos de cabelo sofrem com os danos externos di\u00e1rios. Portanto, esse tratamento \u00e9 ideal para restaurar a sa\u00fade dos fios de cabelo.<\/p>\n\n\n\n<p>Para obter um crescimento saud\u00e1vel dos cabelos, al\u00e9m da rotina de tratamento capilar conhecida como cronograma capilar, voc\u00ea tamb\u00e9m deve manter uma dieta equilibrada. \u00c9 essa combina\u00e7\u00e3o de cuidados que torna poss\u00edvel obter o cabelo dos seus sonhos.<\/p>\n\n\n\n<p>O cronograma de cuidados com os cabelos \u00e9 uma rotina composta de hidrata\u00e7\u00e3o (Hair Brazil INFUSION), nutri\u00e7\u00e3o (Hair Brazil NUTRITION) e reconstru\u00e7\u00e3o (Hair Brazil REPAIR). De fato, esses produtos da Hair Brazil Cosmetics s\u00e3o respons\u00e1veis por repor os nutrientes que manter\u00e3o seus cabelos saud\u00e1veis, brilhantes e fortes.<\/p>\n\n\n\n<p><strong>Mas eu j\u00e1 uso um \u00fanico xampu para ajudar meu cabelo. Isso n\u00e3o \u00e9 suficiente?<\/strong><\/p>\n\n\n\n<p>A resposta \u00e9 n\u00e3o, n\u00e3o basta apenas lavar o cabelo com xampu, mesmo que sua fun\u00e7\u00e3o seja hidratar, nutrir e reconstruir. Seu cabelo precisa de uma variedade de vitaminas e nutrientes adicionais em momentos diferentes para ajudar a reparar e maximizar a capacidade dos fios de brilhar de forma mais r\u00e1pida e confi\u00e1vel.<\/p>\n\n\n\n<p>Portanto, antes de iniciar um cronograma de cuidados com os cabelos e comprar tudo o que existe por a\u00ed, \u00e9 preciso entender as necessidades de seu cabelo e o que ele mais precisa. Para isso, voc\u00ea pode fazer um teste simples:<\/p>\n\n\n\n<p><strong>Teste de porosidade do cabelo<\/strong><\/p>\n\n\n\n<p>Com o teste de porosidade, \u00e9 poss\u00edvel determinar o quanto o cabelo pode absorver \u00e1gua e subst\u00e2ncias dos produtos. A porosidade pode ser alta, m\u00e9dia ou baixa, e cada tipo requer tratamentos espec\u00edficos.<\/p>\n\n\n\n<p><strong>\u00bb Como testar a porosidade do cabelo<\/strong><\/p>\n\n\n\n<p>Pegue um copo de \u00e1gua e uma mecha de cabelo. Pode ser uma mecha que tenha ficado presa em um acess\u00f3rio de cabelo ou que tenha sa\u00eddo de sua escova de cabelo. \u00c9 importante que a mecha esteja limpa para o teste.<\/p>\n\n\n\n<p>Encha o copo com \u00e1gua filtrada e coloque a mecha de cabelo limpa em seu interior. Deixe-a l\u00e1 por 10 minutos.<\/p>\n\n\n\n<p><strong>\u00bb Identificando a porosidade do cabelo<\/strong><\/p>\n\n\n\n<ul class=\"wp-block-list\">\n<li><strong>Alta porosidade:<\/strong> O fio afunda no fundo do vidro<\/li>\n\n\n\n<li><strong>Porosidade m\u00e9dia:<\/strong> O fio permanece no meio do vidro e n\u00e3o afunda<\/li>\n\n\n\n<li><strong>Baixa porosidade:<\/strong> O fio flutua e permanece na superf\u00edcie da \u00e1gua<\/li>\n<\/ul>\n\n\n\n<figure class=\"wp-block-image size-full\"><img fetchpriority=\"high\" decoding=\"async\" width=\"1000\" height=\"500\" src=\"https:\/\/hairbrazil.co\/wp-content\/uploads\/2025\/12\/Identifying-Hair-Porosity.png\" alt=\"\" class=\"wp-image-2779\" srcset=\"https:\/\/hairbrazil.co\/wp-content\/uploads\/2025\/12\/Identifying-Hair-Porosity.png 1000w, https:\/\/hairbrazil.co\/wp-content\/uploads\/2025\/12\/Identifying-Hair-Porosity-300x150.png 300w, https:\/\/hairbrazil.co\/wp-content\/uploads\/2025\/12\/Identifying-Hair-Porosity-768x384.png 768w, https:\/\/hairbrazil.co\/wp-content\/uploads\/2025\/12\/Identifying-Hair-Porosity-600x300.png 600w, https:\/\/hairbrazil.co\/wp-content\/uploads\/2025\/12\/Identifying-Hair-Porosity-90x45.png 90w\" sizes=\"(max-width: 1000px) 100vw, 1000px\" \/><\/figure>\n\n\n\n<p><strong>Como tratar cada tipo de porosidade do cabelo?<\/strong><\/p>\n\n\n\n<p>Assim como eu costumava pensar que a baixa porosidade era ideal para a manuten\u00e7\u00e3o de um cabelo saud\u00e1vel e que a baixa porosidade significava uma melhor absor\u00e7\u00e3o dos tratamentos, muitas pessoas pensam da mesma forma. No entanto, voc\u00ea deve saber que o cabelo com baixa ou nenhuma porosidade tem muito mais dificuldade para absorver \u00e1gua e tratamentos porque as cut\u00edculas est\u00e3o completamente fechadas.<\/p>\n\n\n\n<p>A condi\u00e7\u00e3o ideal para que o cabelo receba o tratamento adequadamente \u00e9 a porosidade m\u00e9dia. Esse \u00e9 o tipo de porosidade em que o cabelo \u00e9 considerado saud\u00e1vel.<\/p>\n\n\n\n<p><strong>Etapas do cronograma de cuidados com os cabelos e suas fun\u00e7\u00f5es<\/strong><\/p>\n\n\n\n<p><strong>Hidrata\u00e7\u00e3o \u2192 cabelos de baixa porosidade:<\/strong> quando as cut\u00edculas est\u00e3o fechadas; o cabelo fica opaco, com frizz e seco.<\/p>\n\n\n\n<p><strong>Nutri\u00e7\u00e3o \u2192 cabelos de porosidade m\u00e9dia:<\/strong> os fios s\u00e3o saud\u00e1veis e capazes de absorver os tratamentos, mas, mesmo assim, podem apresentar frizz e apar\u00eancia porosa.<\/p>\n\n\n\n<p><strong>Reconstru\u00e7\u00e3o \u2192 cabelo de alta porosidade:<\/strong> fios porosos, finos e quebradi\u00e7os, ou cabelos danificados por processos qu\u00edmicos.<\/p>\n\n\n\n<p><strong>Hidrata\u00e7\u00e3o<\/strong><\/p>\n\n\n\n<p>Um dos procedimentos capilares mais conhecidos no mundo \u00e9 a hidrata\u00e7\u00e3o. Quando pensamos em cuidar de nossos cabelos, logo nos vem \u00e0 mente a hidrata\u00e7\u00e3o.<br>A hidrata\u00e7\u00e3o \u00e9 respons\u00e1vel por repor a \u00e1gua e os nutrientes essenciais que s\u00e3o perdidos durante as rotinas di\u00e1rias. Esses componentes ajudam a manter o cabelo brilhante e macio.<\/p>\n\n\n\n<p><strong>Nutri\u00e7\u00e3o<\/strong><\/p>\n\n\n\n<p>A nutri\u00e7\u00e3o \u00e9 respons\u00e1vel pela reposi\u00e7\u00e3o de lip\u00eddios nos fios. Para quem n\u00e3o sabe, os lip\u00eddios s\u00e3o gorduras produzidas pelas gl\u00e2ndulas seb\u00e1ceas, formando uma camada protetora no cabelo. Os cabelos cacheados e crespos tendem a ser mais secos porque o formato do cabelo impede que esse \u00f3leo chegue \u00e0s pontas.<\/p>\n\n\n\n<p><strong>Reconstru\u00e7\u00e3o<\/strong><\/p>\n\n\n\n<p>A reconstru\u00e7\u00e3o \u00e9 respons\u00e1vel por repor as prote\u00ednas do cabelo, principalmente a queratina. \u00c9 a etapa mais potente do cronograma capilar e s\u00f3 deve ser feita quando houver real necessidade de reconstru\u00e7\u00e3o. \u00c9 ideal para fios el\u00e1sticos e cabelos extremamente danificados por tratamentos qu\u00edmicos e que precisam repor a massa capilar.<\/p>\n\n\n\n<p><strong>Como criar um cronograma de cuidados com os cabelos<\/strong><\/p>\n\n\n\n<p>Agora que voc\u00ea sabe como identificar o que seu cabelo precisa com base no teste de porosidade, vamos criar um cronograma.<\/p>\n\n\n\n<p>\u00c9 importante lembrar que todos os processos devem ter um intervalo m\u00ednimo de 48 horas entre um est\u00e1gio e outro.<\/p>\n\n\n\n<p>Esse plano \u00e9 uma base que voc\u00ea pode adaptar \u00e0 sua rotina capilar e observar o que seu cabelo mais precisa. Ele serve como orienta\u00e7\u00e3o para pessoas que nunca seguiram um cronograma de cuidados com os cabelos antes. Espero que essas dicas o ajudem a restaurar seu cabelo e a manter o tratamento adequado.<\/p>\n\n\n\n<p><strong>Cabelos levemente danificados: (Aguarde 48 horas entre os tratamentos)<\/strong><\/p>\n\n\n\n<figure class=\"wp-block-table\"><table class=\"has-fixed-layout\"><tbody><tr><td><strong>Semana 1<\/strong>:<\/td><td>Hidrata\u00e7\u00e3o<\/td><td>Hidrata\u00e7\u00e3o<\/td><td>Nutri\u00e7\u00e3o<\/td><\/tr><tr><td>Hair Brazil Cosmetics<\/td><td>Infus\u00e3o<\/td><td>Infus\u00e3o<\/td><td>Nutri\u00e7\u00e3o<\/td><\/tr><tr><td><strong>Semana 2<\/strong>:<\/td><td>Hidrata\u00e7\u00e3o<\/td><td>Nutri\u00e7\u00e3o<\/td><td>Hidrata\u00e7\u00e3o<\/td><\/tr><tr><td>Hair Brazil Cosmetics<\/td><td>Infus\u00e3o<\/td><td>Nutri\u00e7\u00e3o<\/td><td>Infus\u00e3o<\/td><\/tr><tr><td><strong>Semana 3:<\/strong><\/td><td>Hidrata\u00e7\u00e3o<\/td><td>Hidrata\u00e7\u00e3o<\/td><td>Nutri\u00e7\u00e3o<\/td><\/tr><tr><td>Hair Brazil Cosmetics<\/td><td>Infus\u00e3o<\/td><td>Infus\u00e3o<\/td><td>Nutri\u00e7\u00e3o<\/td><\/tr><tr><td><strong>Semana 4:<\/strong><\/td><td>Hidrata\u00e7\u00e3o<\/td><td>Nutri\u00e7\u00e3o<\/td><td>Reconstru\u00e7\u00e3o<\/td><\/tr><tr><td>Hair Brazil Cosmetics<\/td><td>Infus\u00e3o<\/td><td>Infus\u00e3o<\/td><td>Reparo<\/td><\/tr><\/tbody><\/table><\/figure>\n\n\n\n<p><strong>Cabelos levemente danificados: (Aguarde 48 horas entre os tratamentos)<\/strong><\/p>\n\n\n\n<figure class=\"wp-block-table\"><table class=\"has-fixed-layout\"><tbody><tr><td>Semana 1:<\/td><td>Hidrata\u00e7\u00e3o<\/td><td>Nutri\u00e7\u00e3o<\/td><td>Hidrata\u00e7\u00e3o<\/td><\/tr><tr><td>Hair Brazil Cosmetics<\/td><td>Infus\u00e3o<\/td><td>Nutri\u00e7\u00e3o<\/td><td>Infus\u00e3o<\/td><\/tr><tr><td>Semana 2:<\/td><td>Hidrata\u00e7\u00e3o<\/td><td>Hidrata\u00e7\u00e3o<\/td><td>Nutri\u00e7\u00e3o<\/td><\/tr><tr><td>Produtos Hair Brazil<\/td><td>Infus\u00e3o<\/td><td>Infus\u00e3o<\/td><td>Nutri\u00e7\u00e3o<\/td><\/tr><tr><td>Semana 3:<\/td><td>Hidrata\u00e7\u00e3o<\/td><td>Nutri\u00e7\u00e3o<\/td><td>Hidrata\u00e7\u00e3o<\/td><\/tr><tr><td>Produtos Hair Brazil<\/td><td>Infus\u00e3o<\/td><td>Nutri\u00e7\u00e3o<\/td><td>Infus\u00e3o<\/td><\/tr><tr><td>Semana 4:<\/td><td>Hidrata\u00e7\u00e3o<\/td><td>Nutri\u00e7\u00e3o<\/td><td>Reconstru\u00e7\u00e3o<\/td><\/tr><tr><td>Hair Brazil Cosmetics<\/td><td>Infus\u00e3o<\/td><td>Nutri\u00e7\u00e3o<\/td><td>Reparo<\/td><\/tr><\/tbody><\/table><\/figure>\n\n\n\n<p><strong>Cabelos danificados: (Aguarde 48 horas entre os tratamentos)<\/strong><\/p>\n\n\n\n<figure class=\"wp-block-table\"><table class=\"has-fixed-layout\"><tbody><tr><td>Semana 1:<\/td><td>Hidrata\u00e7\u00e3o<\/td><td>Nutri\u00e7\u00e3o<\/td><td>Reconstru\u00e7\u00e3o<\/td><\/tr><tr><td>Hair Brazil Cosmetics<\/td><td>Infus\u00e3o<\/td><td>Nutri\u00e7\u00e3o<\/td><td>Reparo<\/td><\/tr><tr><td>Semana 2:<\/td><td>Nutri\u00e7\u00e3o<\/td><td>Hidrata\u00e7\u00e3o<\/td><td>Nutri\u00e7\u00e3o<\/td><\/tr><tr><td>Hair Brazil Cosmetics<\/td><td>Nutri\u00e7\u00e3o<\/td><td>Infus\u00e3o<\/td><td>Nutri\u00e7\u00e3o<\/td><\/tr><tr><td>Semana 3:<\/td><td>Hidrata\u00e7\u00e3o<\/td><td>Nutri\u00e7\u00e3o<\/td><td>Reconstru\u00e7\u00e3o<\/td><\/tr><tr><td>Hair Brazil Cosmetics<\/td><td>Infus\u00e3o<\/td><td>Nutri\u00e7\u00e3o<\/td><td>Reparo<\/td><\/tr><tr><td>Semana 4:<\/td><td>Hidrata\u00e7\u00e3o<\/td><td>Hidrata\u00e7\u00e3o<\/td><td>Nutri\u00e7\u00e3o<\/td><\/tr><tr><td>Hair Brazil Cosmetics<\/td><td>Infus\u00e3o<\/td><td>Infus\u00e3o<\/td><td>Nutri\u00e7\u00e3o<\/td><\/tr><\/tbody><\/table><\/figure>\n\n\n\n<div class=\"wp-block-group alignfull has-text-color has-background\" style=\"color:#000000;background-color:#ffffff\"><div class=\"wp-block-group__inner-container is-layout-flow wp-block-group-is-layout-flow\">\n<p class=\"has-text-align-center has-small-font-size\" style=\"line-height:.9\"><strong>OBTENHA SEU<\/strong><\/p>\n\n\n\n<h2 class=\"wp-block-heading has-text-align-center\" id=\"schedule-a-visit\" style=\"font-size:59px;line-height:1.15\"><strong>Cronograma Capilar<\/strong><\/h2>\n\n\n\n<div class=\"wp-block-buttons is-horizontal is-content-justification-center is-layout-flex wp-container-core-buttons-is-layout-499968f5 wp-block-buttons-is-layout-flex\">\n<div class=\"wp-block-button has-custom-width wp-block-button__width-50\"><a class=\"wp-block-button__link has-text-color has-background wp-element-button\" href=\"https:\/\/hairbrazil.co\/pt\/produto\/cronograma-capilar-treatment-kit\/\" style=\"border-radius:50px;color:#ffffff;background-color:#000000\">Comprar agora Loja<\/a><\/div>\n<\/div>\n\n\n\n<div style=\"height:64px\" aria-hidden=\"true\" class=\"wp-block-spacer\"><\/div>\n<\/div><\/div>\n\n\n\n<p><\/p>\n\n\n\n<p><\/p>","protected":false},"excerpt":{"rendered":"<p>Cronograma capilar O cronograma capilar para um tratamento com Cronograma Capilar \u00e9 um dos t\u00f3picos mais comentados no setor de beleza. Quando se trata de restaurar, manter e melhorar a sa\u00fade dos cabelos, o uso da Hair Brazil Cosmetics \u00e9 perfeito. E n\u00f3s estamos aqui para ajudar a explicar um assunto que ainda \u00e9 cercado de<\/p>\n<div class=\"klb-readmore entry-button\"><a class=\"button light alt medium\" href=\"https:\/\/hairbrazil.co\/pt\/cronograma-capilar-hair-schedule\/\">Leia mais<\/a><\/div>","protected":false},"author":1,"featured_media":2772,"comment_status":"open","ping_status":"open","sticky":false,"template":"","format":"standard","meta":{"_jetpack_memberships_contains_paid_content":false,"footnotes":""},"categories":[1],"tags":[],"class_list":["post-2770","post","type-post","status-publish","format-standard","has-post-thumbnail","hentry","category-uncategorized"],"jetpack_featured_media_url":"https:\/\/hairbrazil.co\/wp-content\/uploads\/2025\/12\/Cronograma-capilar-blog.png","jetpack_sharing_enabled":true,"_links":{"self":[{"href":"https:\/\/hairbrazil.co\/pt\/wp-json\/wp\/v2\/posts\/2770","targetHints":{"allow":["GET"]}}],"collection":[{"href":"https:\/\/hairbrazil.co\/pt\/wp-json\/wp\/v2\/posts"}],"about":[{"href":"https:\/\/hairbrazil.co\/pt\/wp-json\/wp\/v2\/types\/post"}],"author":[{"embeddable":true,"href":"https:\/\/hairbrazil.co\/pt\/wp-json\/wp\/v2\/users\/1"}],"replies":[{"embeddable":true,"href":"https:\/\/hairbrazil.co\/pt\/wp-json\/wp\/v2\/comments?post=2770"}],"version-history":[{"count":6,"href":"https:\/\/hairbrazil.co\/pt\/wp-json\/wp\/v2\/posts\/2770\/revisions"}],"predecessor-version":[{"id":2782,"href":"https:\/\/hairbrazil.co\/pt\/wp-json\/wp\/v2\/posts\/2770\/revisions\/2782"}],"wp:featuredmedia":[{"embeddable":true,"href":"https:\/\/hairbrazil.co\/pt\/wp-json\/wp\/v2\/media\/2772"}],"wp:attachment":[{"href":"https:\/\/hairbrazil.co\/pt\/wp-json\/wp\/v2\/media?parent=2770"}],"wp:term":[{"taxonomy":"category","embeddable":true,"href":"https:\/\/hairbrazil.co\/pt\/wp-json\/wp\/v2\/categories?post=2770"},{"taxonomy":"post_tag","embeddable":true,"href":"https:\/\/hairbrazil.co\/pt\/wp-json\/wp\/v2\/tags?post=2770"}],"curies":[{"name":"wp","href":"https:\/\/api.w.org\/{rel}","templated":true}]}}